{"id":272,"date":"2010-07-23T15:31:02","date_gmt":"2010-07-23T15:31:02","guid":{"rendered":"http:\/\/www.lespassengers.com\/?p=272"},"modified":"2021-06-07T22:15:37","modified_gmt":"2021-06-07T22:15:37","slug":"les-passengers-en-week-end-2","status":"publish","type":"post","link":"https:\/\/www.lespassengers.com\/index.php\/2010\/07\/23\/les-passengers-en-week-end-2\/","title":{"rendered":"Les Passengers en week end"},"content":{"rendered":"<p><img loading=\"lazy\" decoding=\"async\" class=\"alignleft wp-image-292 \" title=\"Marketing Power\" src=\"https:\/\/www.lespassengers.com\/wp-content\/uploads\/2010\/07\/IMG_5088_small-163x300.jpg\" alt=\"\" width=\"230\" height=\"339\" \/>Mais pas n&#8217;importe o\u00f9! A Garmisch Partenkirchen. Charmante petite ville du tyrol allemand, qui voit d\u00e9barquer tous les premiers week end de juillet, plus de 35 000 motards BM&#8217;istes.<br \/>Tous les \u00e9quipementiers de la marque y sont pr\u00e9sents, nous \u00e9tions donc tr\u00e8s confiants sur l&#8217;opportunit\u00e9 de pouvoir faire \u00e9quiper nos motos sur place. Mais avant toute chose une petite mise en condition&#8230;<\/p>\n<p>Nous nous sommes retrouv\u00e9s \u00e0 Reims. Un acolyte pour ce voyage: Patrice, Anto\u00a0et moi. D\u00e9part de Londres le jeudi soir pour Anto et sa moto Liz avec \u00e9tape nocturne dans la campagne fran\u00e7aise, et pour Pat et moi mise en route \u00e0 la sortie du boulot \u00e0 7h du matin le vendredi.<\/p>\n<p>Au d\u00e9but, on a pris notre temps, petit caf\u00e9 \u00e0 Reims. A 14h \u00e0\u00a0Verdun, les pieds dans la fontaine, on s&#8217;est rendu compte qu&#8217;\u00e0 ce rythme on risquait de ne pas d\u00e9passer Strasbourg avant la fin du week end. On s&#8217;est donc\u00a0press\u00e9 un peu plus. Apr\u00e8s avoir risqu\u00e9 la panne s\u00e8che pour Patrice, ouf! Travers\u00e9 la frontiere entre l&#8217;Allemagne et l&#8217;Autriche 3 fois, oups&#8230;\u00a0<\/p>\n<p>On arrive \u00e0 Garmisch, \u00e0 2h du matin! Une mer de motos et de tentes, parsem\u00e9es d&#8217;ilots d&#8217;allemands faisant le plein de bi\u00e8re est notre premi\u00e8re vision. On prend le temps de \u00ab\u00a0monter\u00a0\u00bb notre &#8220;tente&#8221; avant de nous \u00e9crouler dedans, et dehors, vu sa taille et les ronflements de &#8230; Pas de nom&#8230; Devinez&#8230;<\/p>\n<p><img loading=\"lazy\" decoding=\"async\" class=\"alignright wp-image-302 \" title=\"The Bavarian Style\" src=\"https:\/\/www.lespassengers.com\/wp-content\/uploads\/2010\/07\/IMG_50782-122x300.jpg\" alt=\"\" width=\"213\" height=\"524\" \/>Samedi, r\u00e9veil \u00e0 8h30 sous un soleil de plomb, on se pr\u00e9pare motiv\u00e9s pour faire monter le mat\u00e9riel sur nos \u00ab\u00a0ch\u00e8res\u00a0\u00bb. La mer de motos est devenue un oc\u00e9an!! Apr\u00e8s un petit dej tout ce qu il y a de plus germain: salami, fromage, c\u00e9r\u00e9ales, et caf\u00e9.<br \/>Direction les stands! On arrive chez le premier accessoiriste: pas de mat\u00e9riel! Juste de la pr\u00e9sentation&#8230; Chez le deuxi\u00e8me, m\u00eame constatation, troisi\u00e8me pareil&#8230; Bon en fait aucun exposant ne monte de mat\u00e9riel, ils le montrent c&#8217;est tout&#8230; On se dit qu&#8217;on est quand m\u00eame de sacr\u00e9 gogos de se taper plus de 1000km pour voir du mat\u00e9riel et m\u00eame pas pouvoir l&#8217;acheter&#8230;<\/p>\n<p>Qu&#8217;\u00e0 cela ne tienne, on \u00e9cume quand m\u00eame les stands, ce qui nous permet de rencontrer pas mal de monde. Et pas des moindres: directeur Touratech France et Monde, l&#8217;\u00e9diteur de Box&#8217;r magazine, le directeur club moto BMW France. On leurs pr\u00e9sente notre projet. \u00c7a leur plait, ils sont int\u00e9ress\u00e9s: on est plut\u00f4t content!!!<\/p>\n<p>En plus ce samedi soir est une journ\u00e9e particuli\u00e8re; quart de finale de la Coupe du Monde de football et devinez qui joue? Dans le mille: l&#8217;Allemagne!! contre l&#8217;Argentine.<\/p>\n<p>On s&#8217;arme comme tout le monde de patience et de bi\u00e8re. Au bout de 90 min une tr\u00e8s grande clameur nous avertie de la victoire de l&#8217;Allemagne!!! Le foot doit avoir des vertus d\u00e9sinhibantes (l&#8217;alcool aussi peut \u00eatre), car la f\u00eate \u00e0 dur\u00e9e jusqu&#8217;\u00e0 l&#8217;aurore! A cot\u00e9 de notre tente en tout cas.<\/p>\n<p>Dimanche on pr\u00e9pare nos affaires, on va r\u00e9cup\u00e9rer une batterie neuve pour Yak, l&#8217;ancienne est HS, la moto d\u00e9marrait m\u00eame plus. Pour \u00e7a bravo \u00e0 l&#8217;organisation BMW qui avait tout pr\u00e9vu, m\u00eame un garagiste!!!<br \/>La route du retour est magnifique, les petites routes de montagnes en Autriche, le Lac de Constance avec ses salons de th\u00e9 au bord de l&#8217;eau, la Foret Noire&#8230;\u00a0On prend notre temps (encore) et on d\u00e9cide de dormir \u00e0 Strasbourg. H\u00e9berg\u00e9s in extr\u00e9mis par une connaissance de mon fr\u00e8re. On arrive enfin\u00a0\u00e0 faire une nuit presque normale (plus de 5h de sommeil).<\/p>\n<p>Merci Jean pour ton accueil si chaleureux!!<\/p>\n<p>Lundi\u00a0on roule ensemble jusqu&#8217;\u00e0 Verdun. On y d\u00e9jeune, puis nos routes se s\u00e9parent. En effet je bosse le soir m\u00eame \u00e0 Paris \u00e0 21h et Anto doit prendre le shuttle \u00e0 Calais \u00e0 22h.<\/p>\n<p>Moralit\u00e9, pratiquement 2500km en trois jours, pas d&#8217;\u00e9quipements, plein de rencontres et de retours positifs. La certitude que nos motos sont des chameaux. Et seulement deux jours pour r\u00e9cup\u00e9rer&#8230; On est presque pr\u00eats quoi&#8230;.\u00a0<\/p>\n<center><\/center>\n\n\n<figure class=\"wp-block-embed is-type-rich is-provider-flickr wp-block-embed-flickr\"><div class=\"wp-block-embed__wrapper\">\n<a data-flickr-embed='true' href='https:\/\/www.flickr.com\/photos\/lespassengers\/albums\/72157626308318454' title='BMW Motorrad Day 2010 by lespassengers, on Flickr'><img src='https:\/\/live.staticflickr.com\/5060\/5543074969_78d0b63964_z.jpg' width='800' height='600' alt='IMG 5059'><\/a><script async src='https:\/\/embedr.flickr.com\/assets\/client-code.js' charset='utf-8'><\/script>\n<\/div><\/figure>\n","protected":false},"excerpt":{"rendered":"<p>Mais pas n&#8217;importe o\u00f9! A Garmisch Partenkirchen. Charmante petite ville du tyrol allemand, qui voit d\u00e9barquer tous les premiers week &hellip; <\/p>\n","protected":false},"author":1,"featured_media":0,"comment_status":"open","ping_status":"open","sticky":false,"template":"","format":"standard","meta":{"_jetpack_memberships_contains_paid_content":false,"footnotes":""},"categories":[16],"tags":[],"class_list":["post-272","post","type-post","status-publish","format-standard","hentry","category-avant-depart"],"jetpack_featured_media_url":"","jetpack_sharing_enabled":true,"_links":{"self":[{"href":"https:\/\/www.lespassengers.com\/index.php\/wp-json\/wp\/v2\/posts\/272","targetHints":{"allow":["GET"]}}],"collection":[{"href":"https:\/\/www.lespassengers.com\/index.php\/wp-json\/wp\/v2\/posts"}],"about":[{"href":"https:\/\/www.lespassengers.com\/index.php\/wp-json\/wp\/v2\/types\/post"}],"author":[{"embeddable":true,"href":"https:\/\/www.lespassengers.com\/index.php\/wp-json\/wp\/v2\/users\/1"}],"replies":[{"embeddable":true,"href":"https:\/\/www.lespassengers.com\/index.php\/wp-json\/wp\/v2\/comments?post=272"}],"version-history":[{"count":3,"href":"https:\/\/www.lespassengers.com\/index.php\/wp-json\/wp\/v2\/posts\/272\/revisions"}],"predecessor-version":[{"id":8047,"href":"https:\/\/www.lespassengers.com\/index.php\/wp-json\/wp\/v2\/posts\/272\/revisions\/8047"}],"wp:attachment":[{"href":"https:\/\/www.lespassengers.com\/index.php\/wp-json\/wp\/v2\/media?parent=272"}],"wp:term":[{"taxonomy":"category","embeddable":true,"href":"https:\/\/www.lespassengers.com\/index.php\/wp-json\/wp\/v2\/categories?post=272"},{"taxonomy":"post_tag","embeddable":true,"href":"https:\/\/www.lespassengers.com\/index.php\/wp-json\/wp\/v2\/tags?post=272"}],"curies":[{"name":"wp","href":"https:\/\/api.w.org\/{rel}","templated":true}]}}