{"id":1197,"date":"2010-10-27T13:00:30","date_gmt":"2010-10-27T12:00:30","guid":{"rendered":"http:\/\/www.lespassengers.com\/?p=1197"},"modified":"2021-06-07T22:33:57","modified_gmt":"2021-06-07T22:33:57","slug":"ankara","status":"publish","type":"post","link":"https:\/\/www.lespassengers.com\/index.php\/2010\/10\/27\/ankara\/","title":{"rendered":"Ankara"},"content":{"rendered":"<p style=\"text-align: justify;\">Ankara nous voil\u00e0\u00a0! Beaucoup d\u2019entre vous nous ont contact\u00e9 suite \u00e0 notre dernier post, nous demandant ce qu\u2019il s\u2019\u00e9tait pass\u00e9 \u00e0 l\u2019issue de notre r\u00e9paration \u00e0 Amasra. A ceux la j\u2019ai envie de r\u00e9pondre\u00a0:<\/p>\n<p style=\"text-align: justify;\">\u00ab\u00a0Mais comment osez-vous douter de nos\u00a0 comp\u00e9tences en m\u00e9canique\u00a0?\u00a0Mais bien sur que cela a tenu et que nous avons pu aller \u00e0 Ankara\u00a0!\u00a0\u00bb<\/p>\n<p style=\"text-align: justify;\"><a href=\"http:\/\/www.couchsurfing.org\"><img loading=\"lazy\" decoding=\"async\" class=\"wp-image-1223 size-full aligncenter\" title=\"CS_Logo\" src=\"https:\/\/www.lespassengers.com\/wp-content\/uploads\/2010\/10\/CS_Logo-e1288021740333.png\" alt=\"\" width=\"229\" height=\"240\" \/><\/a>Nous sommes m\u00eame arrives assez t\u00f4t dans l\u2019apr\u00e8s midi, ce qui nous a permis d\u2019aller rep\u00e9rer ou se trouve la concession BMW Motorrad. Nous avons pour la premi\u00e8re fois de notre voyage exp\u00e9riment\u00e9 le Couch Surfing. Pour ceux qui ne connaissent pas le principe est tr\u00e8s simple\u00a0: un site web <a href=\"http:\/\/www.couchsurfing.org\">http:\/\/www.couchsurfing.org<\/a>, un r\u00e9seau de 2.2 millions de personnes, qui sont pr\u00eates \u00e0 h\u00e9berger des gens sur leur canap\u00e9, en \u00e9change\u2026 de rien en fait, \u00e0 part de discussions et d\u2019humanit\u00e9. Le r\u00e9seau fonctionne \u00e9videment dans les deux sens, et vous pouvez vous aussi accueillir des voyageurs de passage dans votre ville. Les rencontres que cela am\u00e8nent \u00e0 faire sont souvent tr\u00e8s int\u00e9ressantes et je vous encourage \u00e0 aller jeter un \u0153il \u00e0 ce site et \u00e9ventuellement \u00e0 vous jeter \u00e0 l\u2019eau.<\/p>\n<p style=\"text-align: justify;\">Nous nous y sommes pris un peu \u00e0 la derni\u00e8re minute pour trouver quelqu\u2019un. Nous avons envoy\u00e9 des bouteilles \u00e0 la mer (enfin des messages sur le site de couch surfing) le matin m\u00eame. R\u00e9sultat\u00a0: le soir, 3 r\u00e9ponses dont deux positives. Plus qu\u2019il n\u2019en faut. C\u2019est chez un d\u00e9nomm\u00e9 Xavier, un fran\u00e7ais vivant \u00e0 Ankara depuis 3 ans en concubinage avec une turque, Seda, que nous avons la chance de poser nos valises.<\/p>\n<p style=\"text-align: justify;\">La soir\u00e9e que nous passons avec eux est excellente. La conversation l\u2019est d\u2019autant plus que l\u2019analyse de la situation politique de la Turquie faite par Seda, qui est elle-m\u00eame turque permet d\u2019en apprendre beaucoup. L\u2019objet de ce post n\u2019est pas de rentrer dans les d\u00e9tails de cette conversation. Je rapporte ici juste une phrase, qui m\u2019a marqu\u00e9 et qui r\u00e9sume tr\u00e8s bien le contenu de notre longue conversation\u00a0: \u00ab\u00a0 En Turquie, si tu craches en haut, tu tombes sur la moustache, si tu crache en bas, tu tombes sur la barbe\u00a0\u00bb. \u00a0Je vous laisse m\u00e9diter \u00e0 cela.<\/p>\n<p style=\"text-align: justify;\">Le lendemain matin, apr\u00e8s avoir affront\u00e9 les embouteillages d\u2019Ankara, nous laissons les motos \u00e0 un m\u00e9cano charmant. Le garage nous fait bonne impression et rien que ca, ca me rassure terriblement. Je ne veux plus laisser Lizzie dans de mauvaises mains\u2026 En regardant la file de motos devant l\u2019atelier (dont 6 de flics) on s\u2019inqui\u00e8te un peu pour les d\u00e9lais qui vont nous \u00eatre demand\u00e9s. Et soudain, oh surprise! Miracle devrais-je m\u00eame dire, on b\u00e9n\u00e9ficie de la carte \u00ab\u00a0\u00e9tranger en de passage\u00bb . C\u2019est un pr\u00e9cieux s\u00e9same en Turquie, ou l\u2019on aime donner (et on y arrive tr\u00e8s bien d\u2019ailleurs), une bonne image de son pays. Nos motos sont trait\u00e9es en premier, et seront pr\u00eat\u00e9s l\u2019apr\u00e8s-midi m\u00eame. M\u00eame en r\u00eave on ne s\u2019attendait pas \u00e0 \u00e7a\u00a0!<\/p>\n<p style=\"text-align: center;\"><img loading=\"lazy\" decoding=\"async\" class=\" wp-image-1216    aligncenter\" title=\"mausolee\" src=\"https:\/\/www.lespassengers.com\/wp-content\/uploads\/2010\/10\/mausolee.jpg\" alt=\"\" width=\"533\" height=\"287\" \/><\/p>\n<p style=\"text-align: justify;\">Pour tuer les 5 heures d\u2019attente, on file au centre ville pour s\u2019engouffrer 1 Simit et 3 Beuregs. Et puis on se dit que ca s\u2019est quand m\u00eame dommage de ne pas aller voir Anit Kabir, soit en fran\u00e7ais, le mausol\u00e9e d\u2019Atat\u00fcrk. L\u2019homme a des photos de lui dans pratiquement tous les magasins, pas une ville n\u2019a pas au moins une statue \u00e0 son effigie (enfin une statue c\u2019est juste pour les villages de moins de 30 habitants, les autres ca se compte en dizaines), ni au bas mots 4 ou 5 rues et avenues \u00e0 son nom. Evidement, tous les billets, pi\u00e8ces, timbres portent aussi son effigie. Plus \u00e9tonnant\u00a0 mais pourtant vrai, les marques automobiles (marques fran\u00e7aises incluses) ont fait des s\u00e9ries K. Atat\u00fcrk\u00a0 sp\u00e9cialement pour le march\u00e9 turc.\u00a0 Alors forcement, quand on parle d\u2019un mausol\u00e9e, c\u2019est pas un petit truc modeste. C\u2019est The Maussol\u00e9e. Un \u00e9norme \u00e9difice perch\u00e9 au sommet d\u2019une colline et adoss\u00e9 \u00e0 un mus\u00e9e d\u00e9di\u00e9 au P\u00e8re de la Turquie moderne.<\/p>\n<p style=\"text-align: justify;\"><img loading=\"lazy\" decoding=\"async\" class=\"wp-image-1214 aligncenter\" style=\"margin-left: 15px;\" title=\"IMG_6735\" src=\"https:\/\/www.lespassengers.com\/wp-content\/uploads\/2010\/10\/IMG_6735.jpg\" alt=\"\" width=\"283\" height=\"425\" srcset=\"https:\/\/www.lespassengers.com\/wp-content\/uploads\/2010\/10\/IMG_6735.jpg 427w, https:\/\/www.lespassengers.com\/wp-content\/uploads\/2010\/10\/IMG_6735-200x300.jpg 200w\" sizes=\"auto, (max-width: 283px) 100vw, 283px\" \/><\/p>\n<p style=\"text-align: justify;\">Sa d\u00e9pouille est conserv\u00e9e l\u00e0-bas, mais le plus int\u00e9ressant outre la profusion de marbre, de sculpture et gravures qui n\u2019ont rien \u00e0 envier \u00e0 \u00ab\u00a0l\u2019art\u00a0\u00bb sovi\u00e9tique, c\u2019est bien sur le mus\u00e9e.<\/p>\n<p style=\"text-align: justify;\">Avant de repartir dans l\u2019ironie, c\u2019est important de faire un petit rappel historique sur Mustapha Kemal (le vrai nom d\u2019Atat\u00fcrk). Militaire haut grad\u00e9 et victorieux (il obtint d&#8217;ailleurs le surnom de Gazi, le victorieux), il fait partie du mouvement Jeunes Turcs. Ne supportant pas de voir l\u2019Empire Ottoman d\u00e9clinant tomber dans les mains cannibales des pays occidentaux qui sont entrain de se le partager, il prend\u00a0le pouvoir par un putch militaire, mettant rapidement fin au sultanat en place depuis pr\u00eat de 1000 ans.<\/p>\n<p style=\"text-align: justify;\">Tr\u00e8s inspir\u00e9 par la France et les Lumi\u00e8res, nationaliste et lib\u00e9rale, il cr\u00e9e la R\u00e9publique de Turquie et entreprend une longue s\u00e9rie de r\u00e9formes pour moderniser le pays. Il force entre autre l\u2019adoption de l\u2019alphabet latin, instaure la d\u00e9mocratie (avec droit de vote des femmes des 1934 contre 1944 pour la France), et proclame une R\u00e9publique la\u00efque. Cette s\u00e9rie de reformes ambitieuses se fait manu militari, et la population turque \u00ab\u00a0de la rue\u00a0\u00bb n\u2019a pas son mot \u00e0 dire. Cela permet n\u00e9anmoins au pays de prendre un tournant radical, et le sauve d\u2019un \u00e9cart\u00e8lement par les puissances \u00e9trang\u00e8res. [hop]<\/p>\n<p style=\"text-align: justify;\"><img loading=\"lazy\" decoding=\"async\" class=\"wp-image-7320 aligncenter\" src=\"https:\/\/www.lespassengers.com\/wp-content\/uploads\/2010\/10\/IMG_6747-1.jpg\" alt=\"\" width=\"249\" height=\"374\" srcset=\"https:\/\/www.lespassengers.com\/wp-content\/uploads\/2010\/10\/IMG_6747-1.jpg 427w, https:\/\/www.lespassengers.com\/wp-content\/uploads\/2010\/10\/IMG_6747-1-200x300.jpg 200w\" sizes=\"auto, (max-width: 249px) 100vw, 249px\" \/>Evidement l\u2019homme a aussi ces parts d\u2019ombre. Il est ultranationaliste et un proche de Talaat et Envers, les commanditaires de l\u2019extermination des Arm\u00e9niens. Il reste quelqu\u2019un d\u2019extr\u00eamement martial et octroie un r\u00f4le pr\u00e9pond\u00e9rant \u00e0 l\u2019Arm\u00e9e dans la R\u00e9publique.<\/p>\n<p style=\"text-align: justify;\">Le mus\u00e9e omet largement de mentionner ces parts d\u2019ombre et la visite s\u2019apparente un p\u00e8lerinage sur le tombeau du proph\u00e8te de la religion turque. Les superlatifs sont trop nombreux pour en faire la liste en moins de 10 pages. Pour faire bref et pour r\u00e9sumer la visite, je ne donnerai que le titre de la vid\u00e9o de pr\u00e9sentation diffus\u00e9e dans le mus\u00e9e\u00a0: \u00ab\u00a0Kemal, Son of the Sun\u00a0\u00bb<\/p>\n<p style=\"text-align: justify;\">Ce bain de propa\u2026 d\u2019information termin\u00e9, nous r\u00e9cup\u00e9rons nos motos r\u00e9vis\u00e9es mais surtout plus brillantes que jamais apr\u00e8s que la concession BMW ne les ai pas seulement r\u00e9vis\u00e9es, mais aussi lav\u00e9es. Emu par l\u2019\u00e9tincelance de Lizzie, je r\u00e9ussi \u00e0 la faire tomber, \u00e0 l\u2019arr\u00eat. R\u00e9sultat un beau poc sur l\u2019une des valises\u00a0: rien de bien m\u00e9chant, mais elle ressemble maintenant \u00e0 une vraie baroudeuse !<\/p>\n<p style=\"text-align: justify;\">Deuxi\u00e8me soir\u00e9e chez nos couchsurfers, tout aussi agr\u00e9able, et nous prenons\u00a0la route d\u00e9s le lendemain, direction la Cappadoce !<\/p>\n<p>Et comme on ne r\u00e9siste pas \u00e0\u00a0l&#8217;envie, Anit Kabir, en images, \u00e7a donne \u00e7a<\/p>\n<p style=\"text-align: center;\">\u00a0<\/p>\n\n\n<figure class=\"wp-block-embed is-type-video is-provider-vimeo wp-block-embed-vimeo wp-embed-aspect-16-9 wp-has-aspect-ratio\"><div class=\"wp-block-embed__wrapper\">\n<div class=\"jetpack-video-wrapper\"><iframe loading=\"lazy\" title=\"Ankara - Anit Kabir\" src=\"https:\/\/player.vimeo.com\/video\/16180087?dnt=1&amp;app_id=122963\" width=\"640\" height=\"360\" frameborder=\"0\" allow=\"autoplay; fullscreen; picture-in-picture\" allowfullscreen><\/iframe><\/div>\n<\/div><\/figure>\n","protected":false},"excerpt":{"rendered":"<p>Ankara nous voil\u00e0\u00a0! Beaucoup d\u2019entre vous nous ont contact\u00e9 suite \u00e0 notre dernier post, nous demandant ce qu\u2019il s\u2019\u00e9tait pass\u00e9 &hellip; <\/p>\n","protected":false},"author":1,"featured_media":7386,"comment_status":"open","ping_status":"open","sticky":false,"template":"","format":"standard","meta":{"_jetpack_memberships_contains_paid_content":false,"footnotes":""},"categories":[256,14,212],"tags":[],"class_list":["post-1197","post","type-post","status-publish","format-standard","has-post-thumbnail","hentry","category-ankara","category-ataturk","category-turquie"],"jetpack_featured_media_url":"https:\/\/www.lespassengers.com\/wp-content\/uploads\/2010\/10\/ankara-1-of-1-scaled.jpg","jetpack_sharing_enabled":true,"_links":{"self":[{"href":"https:\/\/www.lespassengers.com\/index.php\/wp-json\/wp\/v2\/posts\/1197","targetHints":{"allow":["GET"]}}],"collection":[{"href":"https:\/\/www.lespassengers.com\/index.php\/wp-json\/wp\/v2\/posts"}],"about":[{"href":"https:\/\/www.lespassengers.com\/index.php\/wp-json\/wp\/v2\/types\/post"}],"author":[{"embeddable":true,"href":"https:\/\/www.lespassengers.com\/index.php\/wp-json\/wp\/v2\/users\/1"}],"replies":[{"embeddable":true,"href":"https:\/\/www.lespassengers.com\/index.php\/wp-json\/wp\/v2\/comments?post=1197"}],"version-history":[{"count":3,"href":"https:\/\/www.lespassengers.com\/index.php\/wp-json\/wp\/v2\/posts\/1197\/revisions"}],"predecessor-version":[{"id":8068,"href":"https:\/\/www.lespassengers.com\/index.php\/wp-json\/wp\/v2\/posts\/1197\/revisions\/8068"}],"wp:featuredmedia":[{"embeddable":true,"href":"https:\/\/www.lespassengers.com\/index.php\/wp-json\/wp\/v2\/media\/7386"}],"wp:attachment":[{"href":"https:\/\/www.lespassengers.com\/index.php\/wp-json\/wp\/v2\/media?parent=1197"}],"wp:term":[{"taxonomy":"category","embeddable":true,"href":"https:\/\/www.lespassengers.com\/index.php\/wp-json\/wp\/v2\/categories?post=1197"},{"taxonomy":"post_tag","embeddable":true,"href":"https:\/\/www.lespassengers.com\/index.php\/wp-json\/wp\/v2\/tags?post=1197"}],"curies":[{"name":"wp","href":"https:\/\/api.w.org\/{rel}","templated":true}]}}